{"id":1733,"date":"2015-06-26T14:46:31","date_gmt":"2015-06-26T14:46:31","guid":{"rendered":"http:\/\/ricardovicentelopez.com.ar\/?p=1733"},"modified":"2015-06-26T14:46:31","modified_gmt":"2015-06-26T14:46:31","slug":"el-juego-de-las-palabras-no-tan-ingenuas-viii","status":"publish","type":"post","link":"https:\/\/ricardovicentelopez.com.ar\/?p=1733","title":{"rendered":"El juego de las palabras no tan ingenuas VIII"},"content":{"rendered":"<p style=\"text-align: justify;\">La necesidad de detectar el uso de un lenguaje de significaciones adulteradas para limpiar el entramado de voces del espacio p\u00fablico es condici\u00f3n necesaria para una comunicaci\u00f3n liberadora. No puede dejarse de lado el tema de la concentraci\u00f3n de medios de comunicaci\u00f3n masiva que abusan de su posici\u00f3n dominante para infectar el idioma de ambig\u00fcedades culpables. \u00abEn todas partes se cuecen habas\u00bb dice el refr\u00e1n espa\u00f1ol. Esta expresi\u00f3n viene en ayuda para comprender que una mirada peque\u00f1a, de corto alcance, impide tomar nota de que las pr\u00e1cticas, pol\u00edticas de comunicaci\u00f3n y manipulaci\u00f3n de la informaci\u00f3n, no es un \u201cprivilegio\u201d de nuestro pa\u00eds. Es una tendencia impuesta en el mundo globalizado.<br \/>\nConvocamos, en esta nota, a un intelectual, acad\u00e9mico, soci\u00f3logo y polit\u00f3logo brasile\u00f1o, Doctor en Ciencias Pol\u00edticas; Profesor de la Universidad de S\u00e3o Paulo (USP) y de la Universidad del Estado de Rio de Janeiro; sus antecedentes eximen de mayores comentarios. En un art\u00edculo publicado en abril del a\u00f1o pasado, Emir Sader aborda el tema que venimos analizando. El t\u00edtulo es suficientemente expresivo: El monopolio medi\u00e1tico y su terror econ\u00f3mico, en que muestra c\u00f3mo se tergiversa la informaci\u00f3n con el prop\u00f3sito de des-informar:<\/p>\n<p style=\"text-align: justify; padding-left: 30px;\">La econom\u00eda brasile\u00f1a ha crecido 2,4 por ciento el a\u00f1o pasado. En febrero se han batido records de nuevo en la generaci\u00f3n de empleo en Brasil. Los salarios siguen subiendo por encima de la inflaci\u00f3n. Y la inflaci\u00f3n est\u00e1 controlada, por debajo de los 6 por ciento anuales. Pero dos institutos \u2013Ibope y Datafolha\u2013 publican encuestas m\u00e1s o menos iguales: el apoyo al gobierno habr\u00eda ca\u00eddo entre un 6 y un 7 por ciento, seg\u00fan su interpretaci\u00f3n, por \u201cpesimismo econ\u00f3mico\u201d. En una de las encuestas se llega al espantoso resultado de que la pol\u00edtica de generaci\u00f3n de empleos tendr\u00eda el rechazo del 54 por ciento de la poblaci\u00f3n, cuando se est\u00e1 pr\u00e1cticamente muy cerca del pleno empleo en Brasil.<\/p>\n<p style=\"text-align: justify;\">Si hemos hablado de los medios concentrados debemos se\u00f1alar ahora el manejo tortuoso de la informaci\u00f3n que hacen las empresas encuestadoras. La certeza, no debidamente demostrada, de que el resultado de una encuesta posibilita torcer la direcci\u00f3n de la opini\u00f3n p\u00fablica, empuja a las empresas tras la posibilidad de su logro. Agreguemos que tales empresas de medici\u00f3n de audiencias son parte del mismo c\u00edrculo de intereses del poder dominante \u2013en este caso Brasil, pero con las mismas conductas en gran parte del mundo globalizado\u2212.<br \/>\nLa encuestadora Ibope \u2013 miembro del Grupo IBOPE (Instituto Brasileiro de Opini\u00e3o P\u00fablica e Estat\u00edstica) es una multinacional brasile\u00f1a compuesta de 52 empresas, que act\u00faa directamente en Latinoam\u00e9rica, en 14 pa\u00edses: Argentina, Bolivia, Brasil, Chile, Colombia, Costa Rica, Ecuador, Guatemala, M\u00e9xico, Panam\u00e1, Paraguay, Per\u00fa y Uruguay, de ese modo la empresa consolida su proceso de globalizaci\u00f3n.<br \/>\nEl maridaje de la Red Globo \u2013 la cadena de televisi\u00f3n la m\u00e1s grande de Brasil y la segunda m\u00e1s grande en el mundo \u2212 con el Grupo IBOPE presenta un poder de fuego medi\u00e1tico que debe ser temido. Esta posici\u00f3n de liderazgo, que se refuerza mutuamente, le permite un gran control sobre la opini\u00f3n p\u00fablica de ese pa\u00eds. Dice el Profesor Sader, sin embargo su poder no es absoluto:<\/p>\n<p style=\"text-align: justify; padding-left: 30px;\">Como parte de sus tradicionales manipulaciones, el instituto divulg\u00f3 primero el resultado de la encuesta presidencial y, una semana despu\u00e9s, aquella sobre el apoyo al gobierno, para dar la impresi\u00f3n de que la primera habr\u00eda sido superada por el movimiento de p\u00e9rdida de apoyo del gobierno, cuando son partes de la misma encuesta, hecha los mismos d\u00edas. Lo cierto es que, despu\u00e9s de fracasar en hacer campa\u00f1as contra el gobierno, los medios se concentran en el \u201cterrorismo econ\u00f3mico\u201d, en buscar generar un sentimiento de insatisfacci\u00f3n y de inseguridad econ\u00f3mica en sectores de la poblaci\u00f3n. El pa\u00eds crecer\u00eda menos de lo que podr\u00eda, ello se deber\u00eda no a la tendencia especulativa de los grandes capitales, sino a la falta de \u201cgarant\u00edas\u201d de parte del gobierno, a sus supuestas tendencias \u201cestatizantes\u201d.<\/p>\n<p style=\"text-align: justify;\">Que su poder no sea letal no debe entenderse como que es despreciable. El manejo informativo produce grietas en la opini\u00f3n de sectores medios que son los m\u00e1s permeables a ese tipo de campa\u00f1as.<\/p>\n","protected":false},"excerpt":{"rendered":"<p>La necesidad de detectar el uso de un lenguaje de significaciones adulteradas para limpiar el entramado de voces del espacio p\u00fablico es condici\u00f3n necesaria para una comunicaci\u00f3n liberadora. No puede dejarse de lado el tema de la concentraci\u00f3n de medios de comunicaci\u00f3n masiva que abusan de su posici\u00f3n dominante para infectar el idioma de ambig\u00fcedades [&hellip;]<\/p>\n","protected":false},"author":1,"featured_media":0,"comment_status":"open","ping_status":"open","sticky":false,"template":"","format":"standard","meta":{"footnotes":""},"categories":[1],"tags":[],"class_list":["post-1733","post","type-post","status-publish","format-standard","hentry","category-sin-categoria"],"_links":{"self":[{"href":"https:\/\/ricardovicentelopez.com.ar\/index.php?rest_route=\/wp\/v2\/posts\/1733","targetHints":{"allow":["GET"]}}],"collection":[{"href":"https:\/\/ricardovicentelopez.com.ar\/index.php?rest_route=\/wp\/v2\/posts"}],"about":[{"href":"https:\/\/ricardovicentelopez.com.ar\/index.php?rest_route=\/wp\/v2\/types\/post"}],"author":[{"embeddable":true,"href":"https:\/\/ricardovicentelopez.com.ar\/index.php?rest_route=\/wp\/v2\/users\/1"}],"replies":[{"embeddable":true,"href":"https:\/\/ricardovicentelopez.com.ar\/index.php?rest_route=%2Fwp%2Fv2%2Fcomments&post=1733"}],"version-history":[{"count":1,"href":"https:\/\/ricardovicentelopez.com.ar\/index.php?rest_route=\/wp\/v2\/posts\/1733\/revisions"}],"predecessor-version":[{"id":1734,"href":"https:\/\/ricardovicentelopez.com.ar\/index.php?rest_route=\/wp\/v2\/posts\/1733\/revisions\/1734"}],"wp:attachment":[{"href":"https:\/\/ricardovicentelopez.com.ar\/index.php?rest_route=%2Fwp%2Fv2%2Fmedia&parent=1733"}],"wp:term":[{"taxonomy":"category","embeddable":true,"href":"https:\/\/ricardovicentelopez.com.ar\/index.php?rest_route=%2Fwp%2Fv2%2Fcategories&post=1733"},{"taxonomy":"post_tag","embeddable":true,"href":"https:\/\/ricardovicentelopez.com.ar\/index.php?rest_route=%2Fwp%2Fv2%2Ftags&post=1733"}],"curies":[{"name":"wp","href":"https:\/\/api.w.org\/{rel}","templated":true}]}}