{"id":1720,"date":"2015-06-16T22:45:02","date_gmt":"2015-06-16T22:45:02","guid":{"rendered":"http:\/\/ricardovicentelopez.com.ar\/?p=1720"},"modified":"2015-06-16T22:45:02","modified_gmt":"2015-06-16T22:45:02","slug":"19-los-medios-de-comunicacion-la-informacion-y-la-vida-democratica","status":"publish","type":"post","link":"https:\/\/ricardovicentelopez.com.ar\/?p=1720","title":{"rendered":"19 &#8211; Los medios de comunicaci\u00f3n \u2013 La informaci\u00f3n y la vida democr\u00e1tica"},"content":{"rendered":"<p>Ricardo Vicente L\u00f3pez \u2013 10-6-15<br \/>\n<iframe loading=\"lazy\" src=\"http:\/\/www.ivoox.com\/player_ej_4649846_2_1.html?data=lZuhm52Yeo6ZmKiak5WJd6KplZKSmaiRdo6ZmKiakpKJe6ShkZKSmaiRdZqfrs7fw9PIs4zZzZDa19PIs46ZmKiatM7HpdPY0JDDkJCwaaSnhqeg0srecYarpJKh&amp;\" width=\"100%\" height=\"100\" frameborder=\"0\" scrolling=\"no\" allowfullscreen=\"allowfullscreen\"><\/iframe><\/p>\n<p style=\"text-align: justify;\">Hemos venido analizando cu\u00e1les deben ser las condiciones requeridas para ver y comprender, lo m\u00e1s aproximadamente posible, c\u00f3mo es el mundo en el que estamos sumergidos. En este intento se nos ha cruzado la necesidad de contar con una informaci\u00f3n fidedigna que haga posible este tipo de investigaciones.\u00a0 Para un conocimiento serio de este problema recurrimos a quienes acreditan antecedentes suficientes que avalen las conclusiones de sus estudios. Es as\u00ed que hemos debido aceptar que los medios de comunicaci\u00f3n, tal como los conocemos a partir del siglo XX, est\u00e1n lejos de ser una fuente confiable dado que una multiplicidad de factores ha funcionado como un importante impedimento.<br \/>\nVolvamos a leer las ideas de Walter Lippmann a trav\u00e9s de un muy interesante estudio realizado por el Doctor Robert W. Mcchesney &#8211; Profesor Distinguido e Investigador de Medios de Comunicaci\u00f3n de Masas, de Econom\u00eda Pol\u00edtica de la Comunicaci\u00f3n y de Periodismo Profesional de la Universidad de Illinois en Urbana-Campaign (EEUU \u2013 fundada en 1867). Lo relevante de este texto es la preocupaci\u00f3n que\u00a0 muestra centrada en la relaci\u00f3n entre periodismo, libertad y democracia en el proceso de las \u00faltimas d\u00e9cadas en los Estados Unidos.\u00a0 El t\u00edtulo de su trabajo ya anuncia cu\u00e1l es el problema: Aquello es ahora, y esto fue entonces: Walter Lippmann y la crisis del periodismo \u2013 2013. Plantea de este modo el tema:<\/p>\n<p style=\"text-align: justify; padding-left: 30px;\">En The Death and Life of American Journalism (La muerte y la vida del periodismo americano -2010) yo argumentaba que de la valiosa y a menudo ignorada historia de nuestra prensa, pueden extraerse importantes ideas acerca de c\u00f3mo generar soluciones a la actual crisis del periodismo. Los padres de la Constituci\u00f3n \u2013principalmente Thomas Jefferson y James Madison\u2013 y las primeras generaciones de americanos, no albergaron ninguna ilusi\u00f3n de que el \u201cmercado\u201d fuese a dar lugar a un periodismo adecuado. Ellos destinaron cuantiosas ayudas p\u00fablicas para generar una prensa libre e independiente, y estos subsidios fueron cruciales para la supervivencia y el crecimiento de la democracia americana y las libertades que tanto valoramos. En estos tiempos en que el mercado muestra poco inter\u00e9s en producir un periodismo adecuado, este es un valioso legado que debemos estudiar y poner en valor. Desde nuestro punto de vista, el futuro de nuestro sistema de autogobierno y nuestra Constituci\u00f3n dependen de ello.<\/p>\n<p style=\"text-align: justify;\">Definido el problema a resolver para un adecuado funcionamiento de la democracia del gran pa\u00eds del norte, se impone realizar un diagn\u00f3stico serio y preciso. El profesor dice entonces:<\/p>\n<p style=\"text-align: justify; padding-left: 30px;\">El principal factor, aunque no el \u00fanico, que explicar\u00eda la amenaza sufrida por la informaci\u00f3n y la democracia, fue la fulminante emergencia de la propaganda organizada, aquello a lo que hoy nos referimos frecuentemente como relaciones p\u00fablicas. Durante la Primera Guerra Mundial, Lippmann conoci\u00f3 de primera mano el uso exitoso de este tipo de propaganda por el gobierno de los Estados Unidos, y por una prensa complaciente con el moldeado de la opini\u00f3n p\u00fablica. Lippmann se\u00f1al\u00f3 que la propaganda empeor\u00f3 de modo alarmante el ya \u201cextremadamente reaccionario\u201d y \u201ccrecientemente perjudicial\u201d periodismo comercial de aquellos tiempos.<\/p>\n<p style=\"text-align: justify;\">En las columnas anteriores ya hab\u00edan aparecido estas denuncias respecto a las deformaciones producidas por el aparato informativo de los grandes medios internacionales. Para colocar un punto de partida s\u00f3lido vuelve al trabajo de investigaci\u00f3n sobre el comportamiento period\u00edstico de The New York Time \u2013 ya analizado en la del 27-5-15\u2212 y cita:<\/p>\n<p style=\"text-align: justify; padding-left: 30px;\">Lo que resulta notable en estos trabajos es la convicci\u00f3n de que el periodismo y las instituciones que lo producen no deben ser pensados como empresas privadas sino como instituciones p\u00fablicas. \u201cUn buen peri\u00f3dico es una instituci\u00f3n de servicio p\u00fablico\u201d, escribieron Lippmann y Merz. \u201cOcupa una posici\u00f3n en la vida p\u00fablica tan importante como el sistema educativo, la iglesia, o los \u00f3rganos de gobierno\u201d. Lippmann hizo notar que \u201cLas columnas period\u00edsticas son canales p\u00fablicos. Cuando aquellos que las controlan se arrogan el derecho a determinar seg\u00fan su propia consciencia qu\u00e9 debe ser reportado y con qu\u00e9 prop\u00f3sito, la democracia es impracticable\u201d.<\/p>\n<p style=\"text-align: justify;\">Aunque resulte extra\u00f1o que un investigador estadounidense est\u00e9 proponiendo un periodismo separado de la actividad comercial, lo que podr\u00eda interpretarse como una cierta inocencia o ingenuidad de su parte, no deja de ser interesante la cr\u00edtica que plantea a los medios concentrados y a la imposibilidad de una democracia sana y un buen ejercicio de la libertad dentro del cuadro pol\u00edtico descripto:<\/p>\n<p style=\"text-align: justify; padding-left: 30px;\">Lippmann puso el \u00e9nfasis en el modo en que la propaganda gubernamental hab\u00eda alterado la ecuaci\u00f3n democr\u00e1tica tradicional. Subray\u00f3 el aumento de esta propaganda como algo realmente aterrador, generador de una crisis existencial para la noci\u00f3n misma de prensa libre, y por tanto para la de autogobierno: \u201cel gobierno tiende a operar en funci\u00f3n del impacto que una opini\u00f3n controlada tiene sobre la administraci\u00f3n. Este desplazamiento en el concepto de soberan\u00eda ha hecho que se priorice la fabricaci\u00f3n del consenso [\u2026] Sin una protecci\u00f3n contra la propaganda, sin est\u00e1ndares para la demostraci\u00f3n de hechos, sin criterios para el \u00e9nfasis, la sustancia viva de toda decisi\u00f3n popular queda expuesta a todos los prejuicios y a un abuso infinito\u201d.<\/p>\n","protected":false},"excerpt":{"rendered":"<p>Ricardo Vicente L\u00f3pez \u2013 10-6-15 Hemos venido analizando cu\u00e1les deben ser las condiciones requeridas para ver y comprender, lo m\u00e1s aproximadamente posible, c\u00f3mo es el mundo en el que estamos sumergidos. En este intento se nos ha cruzado la necesidad de contar con una informaci\u00f3n fidedigna que haga posible este tipo de investigaciones.\u00a0 Para un [&hellip;]<\/p>\n","protected":false},"author":1,"featured_media":0,"comment_status":"open","ping_status":"open","sticky":false,"template":"","format":"standard","meta":{"footnotes":""},"categories":[1],"tags":[],"class_list":["post-1720","post","type-post","status-publish","format-standard","hentry","category-sin-categoria"],"_links":{"self":[{"href":"https:\/\/ricardovicentelopez.com.ar\/index.php?rest_route=\/wp\/v2\/posts\/1720","targetHints":{"allow":["GET"]}}],"collection":[{"href":"https:\/\/ricardovicentelopez.com.ar\/index.php?rest_route=\/wp\/v2\/posts"}],"about":[{"href":"https:\/\/ricardovicentelopez.com.ar\/index.php?rest_route=\/wp\/v2\/types\/post"}],"author":[{"embeddable":true,"href":"https:\/\/ricardovicentelopez.com.ar\/index.php?rest_route=\/wp\/v2\/users\/1"}],"replies":[{"embeddable":true,"href":"https:\/\/ricardovicentelopez.com.ar\/index.php?rest_route=%2Fwp%2Fv2%2Fcomments&post=1720"}],"version-history":[{"count":1,"href":"https:\/\/ricardovicentelopez.com.ar\/index.php?rest_route=\/wp\/v2\/posts\/1720\/revisions"}],"predecessor-version":[{"id":1721,"href":"https:\/\/ricardovicentelopez.com.ar\/index.php?rest_route=\/wp\/v2\/posts\/1720\/revisions\/1721"}],"wp:attachment":[{"href":"https:\/\/ricardovicentelopez.com.ar\/index.php?rest_route=%2Fwp%2Fv2%2Fmedia&parent=1720"}],"wp:term":[{"taxonomy":"category","embeddable":true,"href":"https:\/\/ricardovicentelopez.com.ar\/index.php?rest_route=%2Fwp%2Fv2%2Fcategories&post=1720"},{"taxonomy":"post_tag","embeddable":true,"href":"https:\/\/ricardovicentelopez.com.ar\/index.php?rest_route=%2Fwp%2Fv2%2Ftags&post=1720"}],"curies":[{"name":"wp","href":"https:\/\/api.w.org\/{rel}","templated":true}]}}