{"id":1707,"date":"2015-06-05T02:00:58","date_gmt":"2015-06-05T02:00:58","guid":{"rendered":"http:\/\/ricardovicentelopez.com.ar\/?p=1707"},"modified":"2015-06-05T02:00:58","modified_gmt":"2015-06-05T02:00:58","slug":"18-los-medios-de-comunicacion-reflexiones-sobre-el-periodismo","status":"publish","type":"post","link":"https:\/\/ricardovicentelopez.com.ar\/?p=1707","title":{"rendered":"18 &#8211; Los medios de comunicaci\u00f3n &#8211; Reflexiones sobre el periodismo"},"content":{"rendered":"<p>Ricardo Vicente L\u00f3pez \u2013 3-6-15<\/p>\n<p><iframe loading=\"lazy\" src=\"http:\/\/www.ivoox.com\/player_ej_4597339_2_1.html?data=lZqmmZiXfY6ZmKialJmJd6Kol5KSmaiRdo6ZmKiakpKJe6ShkZKSmaiRdZmfrs7fw9PIs4zZzZDa19PIs46ZmKiatM7HpdPY0JDDkJCwaaSnhqeg0srecYarpJKh&amp;\" width=\"100%\" height=\"100\" frameborder=\"0\" scrolling=\"no\" allowfullscreen=\"allowfullscreen\"><\/iframe><\/p>\n<p style=\"text-align: justify;\">En el tratamiento anal\u00edtico que venimos proponiendo hemos dedicado una serie de columnas al tema de la comunicaci\u00f3n. En homenaje al D\u00eda del periodista, 7 de junio, voy a proponer un comentario al art\u00edculo publicado por uno de los maestros de la profesi\u00f3n, Washington Uranga. Su palabra est\u00e1 avalada por su larga y fruct\u00edfera trayectoria: es periodista, docente e investigador de la comunicaci\u00f3n. Se ha especializado en temas vinculados con la ciudadan\u00eda, la participaci\u00f3n popular, las pol\u00edticas p\u00fablicas y la planificaci\u00f3n de procesos comunicacionales. Dicta cursos de grado y posgrado, fue director de la Maestr\u00eda en Planificaci\u00f3n de Procesos Comunicacionales (UNLP) y de la Maestr\u00eda en Periodismo (UBA) y actualmente dirige la Maestr\u00eda en Comunicaci\u00f3n Institucional de la Universidad Nacional de San Luis.<\/p>\n<p>La semana del periodista es para \u00e9l una circunstancia propicia para repensar la profesi\u00f3n y las condiciones actuales en la que se desenvuelve. Dice, en su art\u00edculo, no pretender proponer una agenda exhaustiva de temas, s\u00f3lo propone dos aspectos que considera relevantes: el periodismo y los desarrollos tecnol\u00f3gicos info-comunicacionales, por una parte, y las condiciones de trabajo de los periodistas, por otra:<\/p>\n<p style=\"text-align: justify; padding-left: 30px;\">M\u00e1s que certezas o consideraciones cerradas, lo que aqu\u00ed se intenta es abrir una agenda que, sin duda, puede ser enriquecida con otras cuestiones y desde diferentes perspectivas. Es tambi\u00e9n una convocatoria para que, por los caminos que se deseen, se puedan profundizar mediante reflexiones necesarias para la profesi\u00f3n de cara a su servicio a la sociedad.<\/p>\n<p style=\"text-align: justify;\">Subraya, y da por sabido, la importancia del desarrollo de las llamadas tecnolog\u00edas de informaci\u00f3n y comunicaci\u00f3n (TIC) sobre la labor period\u00edstica. Encuentra, en este aspecto, un permanente desaf\u00edo para el periodista que interpela e interroga a quienes trabajan profesionalmente, dada la velocidad del cambio que proponen. Tambi\u00e9n se\u00f1ala, por otra parte, que todo ello afecta el consumo de la informaci\u00f3n considerando la multiplicidad de fuentes que el lector tiene a su alcance. Esto lo lleva a decir que \u00abLas audiencias participan tambi\u00e9n de la producci\u00f3n constituy\u00e9ndose en \u201cprosumidores\u201d\u00bb:<\/p>\n<p style=\"text-align: justify; padding-left: 30px;\">La circulaci\u00f3n de noticias y datos por Internet modifica sustancialmente la forma como los periodistas acceden a sus fuentes\u2026 queda cuestionada la imagen del \u201cperiodista de a pie\u201d que participaba como observador privilegiado de los acontecimientos con sus zapatos plantados en cada uno de los escenarios, entrevistando directamente a los interlocutores y obteniendo de ellos la informaci\u00f3n de primera mano.<\/p>\n<p style=\"text-align: justify;\">Advierte sobre un cambio que se ha ido produciendo en el paso de ese \u201cperiodista de a pie\u201d hacia un \u201cperiodista de escritorio\u201d\u00a0 que se ve desplazado de ser un protagonista de la informaci\u00f3n para pasar a ser un analista del c\u00famulo de informaci\u00f3n que recibe de m\u00faltiples fuentes. No significa que:<\/p>\n<p style=\"text-align: justify; padding-left: 30px;\">El periodismo no ha descartado hoy el acceso directo a las fuentes. Pero no se puede desconocer que en no pocos casos se hace \u201cperiodismo de escritorio\u201d\u2026 cuya tarea principal es estar atentos a las redes, a los portales y canales de noticias, para obtener de all\u00ed el insumo para su tarea. En demasiadas oportunidades la instantaneidad informativa se sit\u00faa por encima de la comprobaci\u00f3n de la veracidad a trav\u00e9s de formas id\u00f3neas. El resultado es la reiteraci\u00f3n de los mismos temas de agenda, casi sin matices y apenas diferenciables por los acentos pol\u00edtico-ideol\u00f3gicos que imponen cada una de las empresas.<\/p>\n<p style=\"text-align: justify;\">Este modo de trabajar tiene la dificultad de trabajar sobre informaci\u00f3n que ha pasado por varias manos y de la cual desconoce su autenticidad, por lo cual el periodista se ve enfrentado a violar una base de su c\u00f3digo comunicacional: no hablar de lo que no ha comprobado personalmente: \u00abdando por ciertas afirmaciones y sentencias sin certezas sobre su veracidad\u00bb:<\/p>\n<p style=\"text-align: justify; padding-left: 30px;\">En este sentido, y al contrario de lo que podr\u00eda sugerir la idea del desarrollo tecnol\u00f3gico, hay un progresivo empobrecimiento de la calidad informativa, tambi\u00e9n porque resulta dif\u00edcil establecer la trazabilidad de la noticia desde la fuente original dado que en much\u00edsimos casos se generan reiteraciones sin referencias. Todo esto constituye una realidad que, por cierto, no deber\u00eda desligarse de las condiciones de trabajo de los periodistas.<\/p>\n<p style=\"text-align: justify;\">Dedica unos p\u00e1rrafos a un tema que hemos venido comentando, pero en este caso lo dice un veterano de la profesi\u00f3n con sobrados m\u00e9ritos que dan valor a sus palabras:<\/p>\n<p style=\"text-align: justify; padding-left: 30px;\">La mayor\u00eda de las empresas period\u00edsticas hoy son multimedias y forman parte de corporaciones complejas, con intereses econ\u00f3micos y pol\u00edticos. Esto tiene por lo menos dos consecuencias para quienes ejercen el periodismo. Ya no se trabaja para un diario, una radio o un canal de televisi\u00f3n, sino para todos ellos al mismo tiempo bajo la autoridad del mismo patr\u00f3n&#8230; pero por el mismo salario. Al mismo tiempo, la presi\u00f3n laboral aumenta y las condiciones laborales empeoran en gran parte de los casos.<\/p>\n<p style=\"text-align: justify;\">En este sentido, todav\u00eda no cabe pronosticar que se est\u00e9 produciendo una sustituci\u00f3n de los periodistas por las m\u00e1quinas y las tecnolog\u00edas. Pareciera, por el contrario, que \u00abel desarrollo abre nuevas oportunidades de producci\u00f3n y desaf\u00edos a la creatividad. Sin embargo, las razones econ\u00f3mico-financieras atentan contra la estabilidad y el nivel de las remuneraciones de los periodistas:<\/p>\n<p style=\"text-align: justify; padding-left: 30px;\">Mientras tanto las empresas period\u00edsticas maximizan su producci\u00f3n, optimizan costos y muchas veces obligan a sus trabajadores a realizar tareas ajenas a la profesi\u00f3n. Hay una nueva figura del periodista \u201cpolifuncional\u201d que adem\u00e1s de recabar la informaci\u00f3n, hacer investigaci\u00f3n y producir la noticia, tiene que tener tambi\u00e9n conocimientos de edici\u00f3n de audio y video, y hasta de manejo de otros recursos digitales vinculados con la emisi\u00f3n del producto final. La Organizaci\u00f3n Internacional del Trabajo (OIT) viene haciendo observaciones permanentes sobre este tema.<\/p>\n<p style=\"text-align: justify;\">Todo este complejo proceso no augura ventajas para el profesional del periodismo. Por el contrario habla por lo menos, para tiempos futuros a la vista un mayor deterioro de las condiciones laborales. La concentraci\u00f3n de la propiedad en manos de las multinacionales tiende a lo que se podr\u00eda denominar la proletarizaci\u00f3n de las mayor\u00edas de los periodistas y una elitizaci\u00f3n de unas pocas plumas mercenarias.<\/p>\n","protected":false},"excerpt":{"rendered":"<p>Ricardo Vicente L\u00f3pez \u2013 3-6-15 En el tratamiento anal\u00edtico que venimos proponiendo hemos dedicado una serie de columnas al tema de la comunicaci\u00f3n. En homenaje al D\u00eda del periodista, 7 de junio, voy a proponer un comentario al art\u00edculo publicado por uno de los maestros de la profesi\u00f3n, Washington Uranga. Su palabra est\u00e1 avalada por [&hellip;]<\/p>\n","protected":false},"author":1,"featured_media":0,"comment_status":"open","ping_status":"open","sticky":false,"template":"","format":"standard","meta":{"footnotes":""},"categories":[1],"tags":[],"class_list":["post-1707","post","type-post","status-publish","format-standard","hentry","category-sin-categoria"],"_links":{"self":[{"href":"https:\/\/ricardovicentelopez.com.ar\/index.php?rest_route=\/wp\/v2\/posts\/1707","targetHints":{"allow":["GET"]}}],"collection":[{"href":"https:\/\/ricardovicentelopez.com.ar\/index.php?rest_route=\/wp\/v2\/posts"}],"about":[{"href":"https:\/\/ricardovicentelopez.com.ar\/index.php?rest_route=\/wp\/v2\/types\/post"}],"author":[{"embeddable":true,"href":"https:\/\/ricardovicentelopez.com.ar\/index.php?rest_route=\/wp\/v2\/users\/1"}],"replies":[{"embeddable":true,"href":"https:\/\/ricardovicentelopez.com.ar\/index.php?rest_route=%2Fwp%2Fv2%2Fcomments&post=1707"}],"version-history":[{"count":1,"href":"https:\/\/ricardovicentelopez.com.ar\/index.php?rest_route=\/wp\/v2\/posts\/1707\/revisions"}],"predecessor-version":[{"id":1708,"href":"https:\/\/ricardovicentelopez.com.ar\/index.php?rest_route=\/wp\/v2\/posts\/1707\/revisions\/1708"}],"wp:attachment":[{"href":"https:\/\/ricardovicentelopez.com.ar\/index.php?rest_route=%2Fwp%2Fv2%2Fmedia&parent=1707"}],"wp:term":[{"taxonomy":"category","embeddable":true,"href":"https:\/\/ricardovicentelopez.com.ar\/index.php?rest_route=%2Fwp%2Fv2%2Fcategories&post=1707"},{"taxonomy":"post_tag","embeddable":true,"href":"https:\/\/ricardovicentelopez.com.ar\/index.php?rest_route=%2Fwp%2Fv2%2Ftags&post=1707"}],"curies":[{"name":"wp","href":"https:\/\/api.w.org\/{rel}","templated":true}]}}