{"id":1691,"date":"2015-05-23T18:02:05","date_gmt":"2015-05-23T18:02:05","guid":{"rendered":"http:\/\/ricardovicentelopez.com.ar\/?p=1691"},"modified":"2015-05-23T18:02:05","modified_gmt":"2015-05-23T18:02:05","slug":"16-los-medios-de-comunicacion-la-libertad-y-la-democracia-i","status":"publish","type":"post","link":"https:\/\/ricardovicentelopez.com.ar\/?p=1691","title":{"rendered":"16 &#8211; Los medios de comunicaci\u00f3n \u2013 La libertad y la democracia I"},"content":{"rendered":"<p style=\"text-align: justify;\">Ricardo Vicente L\u00f3pez \u2013 20-5-15<\/p>\n<p><iframe loading=\"lazy\" src=\"http:\/\/www.ivoox.com\/player_ej_4538881_2_1.html?data=lZqgmp2cdY6ZmKiak5iJd6Kmk5KSmaiRdo6ZmKiakpKJe6ShkZKSmaiRdZefrs7fw9PIs4zZzZDa19PIs46ZmKiatM7HpdPY0JDDkJCwaaSnhqeg0srecYarpJKh&amp;\" width=\"100%\" height=\"100\" frameborder=\"0\" scrolling=\"no\" allowfullscreen=\"allowfullscreen\"><\/iframe><\/p>\n<p style=\"text-align: justify;\">El grupo de investigadores, analistas y te\u00f3ricos del liberalismo sigui\u00f3 trabajando por d\u00e9cadas, a pesar que nada de ello haya sido p\u00fablico. El ocultamiento es parte de la teor\u00eda acerca de c\u00f3mo ellos entend\u00edan la democracia made in USA. El aporte fundamental para las tareas del grupo lo aport\u00f3 Walter Lipmann. Por ello nos dice Chomsky:<\/p>\n<p style=\"text-align: justify; padding-left: 30px;\">Lippmann respald\u00f3 todo esto con una teor\u00eda bastante elaborada sobre la democracia progresiva, seg\u00fan la cual, en una democracia con un funcionamiento adecuado, hay distintas clases de ciudadanos. En primer lugar, los ciudadanos que asumen alg\u00fan papel activo en cuestiones generales relativas al gobierno y la administraci\u00f3n. Es la clase especializada, formada por personas que analizan, toman decisiones, ejecutan, controlan y dirigen los procesos que se dan en los sistemas ideol\u00f3gicos, econ\u00f3micos y pol\u00edticos, y que constituyen, asimismo, un porcentaje peque\u00f1o de la poblaci\u00f3n total.<\/p>\n<p style=\"text-align: justify;\">A esta clase pertenecen tambi\u00e9n aquellas personas que comparten esas ideas y la ponen en circulaci\u00f3n.\u00a0 Contin\u00faa Chomsky:<\/p>\n<p style=\"text-align: justify; padding-left: 30px;\">La tarea de este grupo selecto, en el cual se habla primordialmente acerca de qu\u00e9 hacer con aquellos otros, que son la mayor\u00eda de la poblaci\u00f3n, quienes constituyen lo que Lippmann llamaba el reba\u00f1o desconcertado. As\u00ed pues, en una democracia se dan dos funciones: por un lado, la clase especializada, los hombres responsables, ejercen la funci\u00f3n ejecutiva, lo que significa que piensan, entienden y planifican los intereses comunes; por otro, el reba\u00f1o desconcertado, que tambi\u00e9n tiene una funci\u00f3n en la democracia, que, seg\u00fan Lippmann, consiste en ser espectadores en vez de miembros participantes de forma activa. Y la verdad es que hay una l\u00f3gica detr\u00e1s de todo eso. Hay incluso un principio moral del todo convincente: la gente es simplemente demasiado est\u00fapida para comprender las cosas.<\/p>\n<p style=\"text-align: justify;\">Este paternalismo, dicho con tanta aspereza, no puede hoy ser detectado f\u00e1cilmente en nuestros medios, ni en gran parte de los acad\u00e9micos e investigadores que tratan el tema de los medios de comunicaci\u00f3n, ya que hoy no se habla con la misma claridad que a principios del siglo XX. Pero hay por debajo de todo este an\u00e1lisis un debate que no aparece, por lo general, en los trabajos sobre los medios. Este debate deber\u00eda asumir lo que Lippmann plantea con estas palabras, que trasuntan cierta amargura:<\/p>\n<p style=\"text-align: justify; padding-left: 30px;\">Hoy [1925] el ciudadano de a pie se siente como un espectador sordo sentado en la fila del fondo. En este nuevo escenario pol\u00edtico ya no se plantea remediar esta incapacidad del p\u00fablico. Al contrario, lo urgente es desmontar el mito ilustrado-liberal del ciudadano omnicompetente, capaz de decidir con racionalidad sobre cualquier asunto; un mito que puede hacer mucho da\u00f1o en una sociedad democr\u00e1tica compleja.<\/p>\n<p style=\"text-align: justify;\">El nuevo escenario al que hace referencia es el que aparece como resultado de la conformaci\u00f3n de una sociedad de masas [ver columna del 22-4-15]. Este cambio revolucionario de la sociedad tradicional, que viv\u00eda en una relaci\u00f3n cara-a-cara con sus vecinos y la mayor parte de las noticias eran locales. Por ello afirma:<\/p>\n<p style=\"text-align: justify; padding-left: 30px;\">El p\u00fablico est\u00e1tico de las comunidades locales en el que impl\u00edcitamente se basaba la concepci\u00f3n de\u00a0 la opini\u00f3n p\u00fablica y la pol\u00edtica liberal se ha desintegrado bajo las condiciones de la vida contempor\u00e1nea.<\/p>\n<p style=\"text-align: justify;\">Nos est\u00e1 advirtiendo que la teorizaci\u00f3n sobre el funcionamiento de la informaci\u00f3n se ha basado en un pasado id\u00edlico, idealizado, en el cual los medios se limitaban al peri\u00f3dico del pueblo, o de la provincia, en el cual de hablaba de la vida cotidiana. Por ello nos dice que es necesario: \u00abdesmontar el mito ilustrado-liberal del ciudadano omnicompetente\u00bb. Sobre este tema volver\u00e9 m\u00e1s adelante. Desde fines del siglo XIX ese paisaje social ya hab\u00eda desaparecido. Lo reemplaz\u00f3 una sociedad de an\u00f3nimos en la se informaba sobre lo que suced\u00eda en un mundo, camino a la globalizaci\u00f3n, que recib\u00eda noticias a trav\u00e9s de un entramado empresarial ligado estrechamente al capital concentrado.<br \/>\nEs raz\u00f3n de m\u00e1s por la que se debe estar alerta en la lectura de todo esto para no enga\u00f1arnos con los mensajes recibidos. Se puede, tambi\u00e9n, entender mejor las posibilidades que encontraron las \u00e9lites pol\u00edticas de los pa\u00edses centrales con el manejo de los medios de comunicaci\u00f3n, un instrumento id\u00f3neo para el control de ese reba\u00f1o. La mirada de Lippmann, con una gran capacidad de penetraci\u00f3n, nos gu\u00eda para comprender cu\u00e1les son, seg\u00fan \u00e9l, todas las piezas del aparato de dominaci\u00f3n estadounidense, hoy globalizado. La maquinaria del sistema de comunicaci\u00f3n, que no se reduce s\u00f3lo a los medios:<\/p>\n<p style=\"text-align: justify; padding-left: 30px;\">As\u00ed, tenemos un sistema educacional, de car\u00e1cter privado, dirigido a los hombres responsables, a la clase especializada, que han de ser adoctrinados en profundidad acerca de los valores e intereses del poder real, y del nexo corporativo que este mantiene con el Estado y lo que ello representa. Si esos hombres \u201ccalificados\u201d pueden ascender hasta all\u00ed, podr\u00e1n pasar a formar parte de la clase especializada. Al resto del reba\u00f1o desconcertado b\u00e1sicamente habr\u00e1 que distraerlo y dirigir su atenci\u00f3n a cualquier otra cosa. Habr\u00e1 que asegurarse de que permanezcan todos en su funci\u00f3n de espectadores de la acci\u00f3n, liberando su carga, de vez en cuando, en alg\u00fan otro l\u00edder de entre los que tienen a su disposici\u00f3n para elegir.<\/p>\n<p style=\"text-align: justify;\">Queda expresado, con una claridad brutal, un tema que en nuestro pa\u00eds la idealizaci\u00f3n sarmientina del sistema educativo no permiti\u00f3 comprender: \u00bfcu\u00e1l es el papel asignado al sistema educativo en todos sus niveles? Volver\u00e9 sobre esto.<\/p>\n","protected":false},"excerpt":{"rendered":"<p>Ricardo Vicente L\u00f3pez \u2013 20-5-15 El grupo de investigadores, analistas y te\u00f3ricos del liberalismo sigui\u00f3 trabajando por d\u00e9cadas, a pesar que nada de ello haya sido p\u00fablico. El ocultamiento es parte de la teor\u00eda acerca de c\u00f3mo ellos entend\u00edan la democracia made in USA. El aporte fundamental para las tareas del grupo lo aport\u00f3 Walter [&hellip;]<\/p>\n","protected":false},"author":1,"featured_media":0,"comment_status":"open","ping_status":"open","sticky":false,"template":"","format":"standard","meta":{"footnotes":""},"categories":[1],"tags":[],"class_list":["post-1691","post","type-post","status-publish","format-standard","hentry","category-sin-categoria"],"_links":{"self":[{"href":"https:\/\/ricardovicentelopez.com.ar\/index.php?rest_route=\/wp\/v2\/posts\/1691","targetHints":{"allow":["GET"]}}],"collection":[{"href":"https:\/\/ricardovicentelopez.com.ar\/index.php?rest_route=\/wp\/v2\/posts"}],"about":[{"href":"https:\/\/ricardovicentelopez.com.ar\/index.php?rest_route=\/wp\/v2\/types\/post"}],"author":[{"embeddable":true,"href":"https:\/\/ricardovicentelopez.com.ar\/index.php?rest_route=\/wp\/v2\/users\/1"}],"replies":[{"embeddable":true,"href":"https:\/\/ricardovicentelopez.com.ar\/index.php?rest_route=%2Fwp%2Fv2%2Fcomments&post=1691"}],"version-history":[{"count":1,"href":"https:\/\/ricardovicentelopez.com.ar\/index.php?rest_route=\/wp\/v2\/posts\/1691\/revisions"}],"predecessor-version":[{"id":1692,"href":"https:\/\/ricardovicentelopez.com.ar\/index.php?rest_route=\/wp\/v2\/posts\/1691\/revisions\/1692"}],"wp:attachment":[{"href":"https:\/\/ricardovicentelopez.com.ar\/index.php?rest_route=%2Fwp%2Fv2%2Fmedia&parent=1691"}],"wp:term":[{"taxonomy":"category","embeddable":true,"href":"https:\/\/ricardovicentelopez.com.ar\/index.php?rest_route=%2Fwp%2Fv2%2Fcategories&post=1691"},{"taxonomy":"post_tag","embeddable":true,"href":"https:\/\/ricardovicentelopez.com.ar\/index.php?rest_route=%2Fwp%2Fv2%2Ftags&post=1691"}],"curies":[{"name":"wp","href":"https:\/\/api.w.org\/{rel}","templated":true}]}}