{"id":1297,"date":"2015-04-22T23:39:24","date_gmt":"2015-04-22T23:39:24","guid":{"rendered":"http:\/\/ricardovicentelopez.com.ar\/?p=1297"},"modified":"2015-04-22T23:39:24","modified_gmt":"2015-04-22T23:39:24","slug":"los-medios-de-comunicacion-comunicacion-o-informacion-i","status":"publish","type":"post","link":"https:\/\/ricardovicentelopez.com.ar\/?p=1297","title":{"rendered":"Los medios de comunicaci\u00f3n &#8211; \u00bfComunicaci\u00f3n o informaci\u00f3n? I"},"content":{"rendered":"<p>Ricardo Vicente L\u00f3pez \u2013 22-4-15<br \/>\n<iframe loading=\"lazy\" src=\"http:\/\/www.ivoox.com\/player_ej_4394028_2_1.html?data=lZimlpWWfI6ZmKiak56Jd6KnmpKSmaiRdo6ZmKiakpKJe6ShkZKSmaiRdZOfrs7fw9PIs4zZzZDa19PIs46ZmKiatM7HpdPY0JDDkJCwaaSnhqeg0srecYarpJKh&amp;\" width=\"100%\" height=\"100\" frameborder=\"0\" scrolling=\"no\" allowfullscreen=\"allowfullscreen\"><\/iframe><br \/>\nLa pregunta nos obliga a re-pensar de qu\u00e9 es lo que en realidad nos est\u00e1 preocupando. Un planteo claro y correcto da un paso muy grande hacia la verdad que estamos buscando. Entonces, arriesguemos una definici\u00f3n de ambos conceptos, dado que hoy se diluyen las importantes deferencias que contienen:<\/p>\n<p style=\"text-align: justify;\">Se denomina comunicaci\u00f3n a aquella relaci\u00f3n dial\u00f3gica (entre dos o m\u00e1s personas), en la que todos, se alternan en su papel de emisor y de receptor \u2013es decir hablan y escuchan\u2212. Subrayando que esta es la condici\u00f3n esencial de lo humano, sin ella no hubiera aparecido el hombre (el animal que habla). Por el contrario, cuando estamos frente a un tipo de comunicaci\u00f3n caracterizada por ser unilineal y sin retorno, en la que s\u00f3lo una o m\u00e1s personas emiten el mensaje \u2013 prensa, radio o televisi\u00f3n\u2212 y el o los receptores adoptan una actitud pasiva debemos hablar de informaci\u00f3n.<\/p>\n<p style=\"text-align: justify;\">Adem\u00e1s, la sociedad moderna introdujo en la comunicaci\u00f3n humana la tecnolog\u00eda para salvar las distancias que fueron interfiriendo en la relaci\u00f3n del cara a cara de la sociedad tradicional. Como resultado de la Revoluci\u00f3n industrial se produjo un salto en el crecimiento poblacional urbano que fue sumiendo en el anonimato a esa cantidad de personas que habitaron las grandes ciudades, apareci\u00f3 un fen\u00f3meno nuevo: la sociedad de masas.<br \/>\nEntonces podemos comprender mejor la definici\u00f3n de los medios de comunicaci\u00f3n y el por qu\u00e9 se les agrega la caracterizaci\u00f3n \u201cde masas\u201d. Se est\u00e1 definiendo, con toda claridad, su car\u00e1cter de no ser ya comunicativos sino claramente informativos. Hay un emisor que se dirige al fen\u00f3meno moderno de un p\u00fablico masificado, t\u00e9rmino que alude a esa despersonalizaci\u00f3n del sujeto humano, convirti\u00e9ndolo en un receptor, m\u00e1s o menos pasivo de mensajes, preparados para ser recibidos por ese ser colectivizado y homogenizado.<br \/>\nLos estudios sobre el fen\u00f3meno de la comunicaci\u00f3n han tenido una fuente casi excluyente durante gran parte del siglo XX: los Estados Unidos, cuna de este proceso. Por tal raz\u00f3n las definiciones que se han propuesto en el \u00e1mbito acad\u00e9mico est\u00e1n signadas por ese origen. Veamos:<br \/>\nInvestigadores de la Universidad de Yale lo definen:<\/p>\n<p style=\"text-align: justify; padding-left: 30px;\">Comunicaci\u00f3n es el proceso por el cual un individuo (el comunicador) transmite est\u00edmulos (generalmente verbales), con el fin de modificar el comportamiento de otros individuos (la audiencia). En t\u00e9rminos bastantes generales, la comunicaci\u00f3n puede ser considerada como lenguaje escrito o vocal emitido por un individuo, que resulta en el establecimiento de nuevos mecanismos est\u00edmulo-respuesta en otro individuo, sea en la elecci\u00f3n de mecanismos est\u00edmulo-respuesta que fueron previamente adquiridos.<\/p>\n<p style=\"text-align: justify;\">Todo este tipo de definiciones provenientes de la escuela estadounidense tienden a ver la comunicaci\u00f3n como un proceso s\u00f3lo de \u201cida\u201d que coloca el acento en el emisor. Esto se debe a que este tipo de investigador de los medios de comunicaci\u00f3n extrae su experiencia de los medios masivos y de la publicidad. Por lo tanto, los intentos de modificaciones dirigidas al receptor est\u00e1n muy cerca de un concepto, que en aquel pa\u00eds ha sido muy estudiado, la persuasi\u00f3n.<\/p>\n<p style=\"text-align: justify;\">Por ello, como reacci\u00f3n a ese modo, caracter\u00edstico de la concepci\u00f3n del pa\u00eds del Norte, pretendidamente neutra de pensar las comunicaciones, han salido de Am\u00e9rica Latina definiciones que pretenden desnudar los mecanismos de este proceso:<\/p>\n<p style=\"text-align: justify; padding-left: 30px;\">La comunicaci\u00f3n es el proceso de interacci\u00f3n social democr\u00e1tica que se basa en el intercambio de s\u00edmbolos por los cuales los seres humanos comparten voluntariamente sus experiencias bajo condiciones de acceso libre e igualitario, di\u00e1logo y participaci\u00f3n\u2026 Comunicaci\u00f3n es la relaci\u00f3n comunitaria humana consistente en la emisi\u00f3n-recepci\u00f3n de mensajes entre interlocutores en estado de total reciprocidad, siendo por ello un factor esencial de convivencia y un elemento determinante de las formas que asume la sociabilidad.<\/p>\n<p style=\"text-align: justify;\">Se desnuda la acci\u00f3n de la como el proceso que tiende a petrificar, a cosificar, a la persona en su funci\u00f3n pasiva de simple receptor y, por tanto, es una funci\u00f3n utilitarista mercantilizada de la comunicaci\u00f3n que no merece el nombre de tal. Ese tipo de comunicaci\u00f3n pretende, con su eficacia, manipular los actos del otro, u otros.<br \/>\nDe all\u00ed que la \u201clibertad de informaci\u00f3n\u201d, que tanto se pregona, esconde la verdad de que s\u00f3lo es libertad para el emisor, ya que el receptor est\u00e1 negado en la posibilidad de actuar. Se debe percibir en estos modos de abordar el estudio de la comunicaci\u00f3n una clara negaci\u00f3n de los factores de poder que operan en dicho \u00e1mbito y un ocultamiento, consciente o no, de la verticalidad del proceso de comunicaci\u00f3n de masas, por el cual una elite dispone de los medios para hacer llegar sus mensajes a las personas, convertidas en \u201cmasa\u201d, que recibe pasiva y acr\u00edticamente esos mensajes.<br \/>\nEl profesor y acad\u00e9mico italiano Umberto Eco (1932) nos propone una definici\u00f3n m\u00e1s cr\u00edtica de la comunicaci\u00f3n \u201cde masas\u201d:<\/p>\n<p style=\"text-align: justify; padding-left: 30px;\">Hay comunicaci\u00f3n de masas cuando la fuente es \u00fanica, centralizada, estructurada seg\u00fan los modos de la organizaci\u00f3n industrial: el canal es un expediente tecnol\u00f3gico que ejerce una influencia sobre la misma se\u00f1al; y los destinatarios son la totalidad (o bien un grand\u00edsimo n\u00famero) de los seres humanos en diferentes partes del globo&#8230; El universo de la comunicaci\u00f3n de masas est\u00e1 lleno de&#8230; interpretaciones discordantes; dir\u00eda que la variabilidad de las interpretaciones es la ley constante de las comunicaciones de masas. Los mensajes parten de la fuente y llegan a situaciones sociol\u00f3gicas diferenciadas, donde act\u00faan c\u00f3digos diferentes.<\/p>\n","protected":false},"excerpt":{"rendered":"<p>Ricardo Vicente L\u00f3pez \u2013 22-4-15 La pregunta nos obliga a re-pensar de qu\u00e9 es lo que en realidad nos est\u00e1 preocupando. Un planteo claro y correcto da un paso muy grande hacia la verdad que estamos buscando. Entonces, arriesguemos una definici\u00f3n de ambos conceptos, dado que hoy se diluyen las importantes deferencias que contienen: Se [&hellip;]<\/p>\n","protected":false},"author":1,"featured_media":0,"comment_status":"open","ping_status":"open","sticky":false,"template":"","format":"standard","meta":{"footnotes":""},"categories":[1],"tags":[],"class_list":["post-1297","post","type-post","status-publish","format-standard","hentry","category-sin-categoria"],"_links":{"self":[{"href":"https:\/\/ricardovicentelopez.com.ar\/index.php?rest_route=\/wp\/v2\/posts\/1297","targetHints":{"allow":["GET"]}}],"collection":[{"href":"https:\/\/ricardovicentelopez.com.ar\/index.php?rest_route=\/wp\/v2\/posts"}],"about":[{"href":"https:\/\/ricardovicentelopez.com.ar\/index.php?rest_route=\/wp\/v2\/types\/post"}],"author":[{"embeddable":true,"href":"https:\/\/ricardovicentelopez.com.ar\/index.php?rest_route=\/wp\/v2\/users\/1"}],"replies":[{"embeddable":true,"href":"https:\/\/ricardovicentelopez.com.ar\/index.php?rest_route=%2Fwp%2Fv2%2Fcomments&post=1297"}],"version-history":[{"count":1,"href":"https:\/\/ricardovicentelopez.com.ar\/index.php?rest_route=\/wp\/v2\/posts\/1297\/revisions"}],"predecessor-version":[{"id":1298,"href":"https:\/\/ricardovicentelopez.com.ar\/index.php?rest_route=\/wp\/v2\/posts\/1297\/revisions\/1298"}],"wp:attachment":[{"href":"https:\/\/ricardovicentelopez.com.ar\/index.php?rest_route=%2Fwp%2Fv2%2Fmedia&parent=1297"}],"wp:term":[{"taxonomy":"category","embeddable":true,"href":"https:\/\/ricardovicentelopez.com.ar\/index.php?rest_route=%2Fwp%2Fv2%2Fcategories&post=1297"},{"taxonomy":"post_tag","embeddable":true,"href":"https:\/\/ricardovicentelopez.com.ar\/index.php?rest_route=%2Fwp%2Fv2%2Ftags&post=1297"}],"curies":[{"name":"wp","href":"https:\/\/api.w.org\/{rel}","templated":true}]}}