{"id":1133,"date":"2015-04-15T14:22:20","date_gmt":"2015-04-15T14:22:20","guid":{"rendered":"http:\/\/ricardovicentelopez.com.ar\/?p=1133"},"modified":"2015-04-15T14:22:20","modified_gmt":"2015-04-15T14:22:20","slug":"el-negocio-de-las-investigaciones-medicinales-x","status":"publish","type":"post","link":"https:\/\/ricardovicentelopez.com.ar\/?p=1133","title":{"rendered":"El negocio de las investigaciones medicinales  X"},"content":{"rendered":"<p>Debo hacer un par\u00e9ntesis para introducir una reflexi\u00f3n que abra el abanico de los temas tratados hasta aqu\u00ed. Podr\u00eda decir, aunque aparezco como obvio que un tema son los medicamentos como tecnolog\u00eda terap\u00e9utica; otro es el medicamento convertido en mercanc\u00eda, metamorfosis obligada por la sociedad de mercado dados los sistemas de producci\u00f3n y distribuci\u00f3n propios del sistema capitalista; un tercer tema, de varios posibles, es la concentraci\u00f3n del negocio de los laboratorios medicinales en manos de un capitalismo financiero que impone el m\u00e1ximo lucro posible sin reparar en l\u00edmite alguno (analizado en notas anteriores); un cuarto se presenta la pensar la relaci\u00f3n de la salud como tal y su relaci\u00f3n con las t\u00e9cnicas y m\u00e9todos terap\u00e9uticos.<br \/>\nUn an\u00e1lisis interesante ofrece Brian Orchard que se ofrece como \u00abun lugar para desafiar a los lectores a pensar los problemas actuales sin dejar de lado el origen hist\u00f3rico y filos\u00f3fico de los problemas actuales\u00bb. Equivale a decir, si se me permite la figura: a colocar el problema del medicamento en un marco mucho m\u00e1s amplio para lograr una mirada mucho m\u00e1s abarcadora de la cuesti\u00f3n. Comienza proponiendo pensar la duraci\u00f3n de la vida humana tomando como medida a los Estados Unidos:<\/p>\n<p>La esperanza de vida en Estados Unidos ha aumentado de 47 a\u00f1os en 1900 a casi 78 a\u00f1os en la actualidad. Este notable incremento es el resultado de diversos factores que incluyen una mejor nutrici\u00f3n, mejor higiene y los sorprendentes avances en la medicina. El aumento en las cifras de esperanza de vida en los pa\u00edses desarrollados apoya el positivo papel que han desempe\u00f1ado los cient\u00edficos y los profesionales del cuidado de la salud. La gente no s\u00f3lo est\u00e1 viviendo m\u00e1s tiempo, sino que adem\u00e1s disfruta de una mejor calidad de vida. Conforme nos adentramos en la era de la ingenier\u00eda gen\u00e9tica, el alcance y la velocidad de los avances en el conocimiento m\u00e9dico-cient\u00edfico es asombroso; sin embargo, bajo la superficie de estos tremendos avances existen \u00e1reas cada vez m\u00e1s preocupantes.<\/p>\n<p>Es interesante abrir el arco hist\u00f3rico para agregar los cambios que se fueron produciendo en los \u00faltimos siglos en occidente. Esto nos permite observar como cada vez m\u00e1s la ciencia ha incorporado conocimiento para comprender aspectos importantes de la vida y medicamentos para ayudar a recuperar la salud. Si bien es cierto que la religi\u00f3n actu\u00f3 como la autoridad final respecto a temas relacionados con la vida y la muerte, esto ha ido siendo reemplazado progresivamente. Ahora se considera a la investigaci\u00f3n cient\u00edfica como la voz que determina el conocimiento autorizado.<br \/>\nDe modo tal que se puede afirmar que en un amplio espectro de temas el m\u00e9dico reemplaz\u00f3 al sacerdote. Dice Orchard:<\/p>\n<p>El enfoque cient\u00edfico ha tenido un enorme efecto en todas las \u00e1reas de la sociedad, pero tal vez ninguna tan cercana a nosotros como el \u00e1rea de la medicina. Ha ocurrido un cambio evidente en la forma de definir las enfermedades y las cuestiones sobre el comportamiento: la biomedicina moderna se ve influenciada por la noci\u00f3n de que la mayor\u00eda de los trastornos son de origen org\u00e1nico. Esto provee una base fisiol\u00f3gica (y no tanto conductual-social) para los problemas, pues sugiere que nuestra forma de pensar y las decisiones que tomamos tienen poca o ninguna influencia en nuestro bienestar, y que nuestras afecciones f\u00edsicas, mentales y emocionales, son una prueba casi certera de alguna enfermedad org\u00e1nica subyacente que requiere un tratamiento con medicamentos. En otras palabras, los que antes se consideraban como trastornos morales o sociales ahora se consideran trastornos m\u00e9dicos tratables.<\/p>\n<p>El soci\u00f3logo, Ivan Illich (1926-2002), fue uno de los primeros en detectar y revelar su preocupaci\u00f3n frente a estos cambios.<\/p>\n","protected":false},"excerpt":{"rendered":"<p>Debo hacer un par\u00e9ntesis para introducir una reflexi\u00f3n que abra el abanico de los temas tratados hasta aqu\u00ed. Podr\u00eda decir, aunque aparezco como obvio que un tema son los medicamentos como tecnolog\u00eda terap\u00e9utica; otro es el medicamento convertido en mercanc\u00eda, metamorfosis obligada por la sociedad de mercado dados los sistemas de producci\u00f3n y distribuci\u00f3n propios [&hellip;]<\/p>\n","protected":false},"author":1,"featured_media":0,"comment_status":"open","ping_status":"open","sticky":false,"template":"","format":"standard","meta":{"footnotes":""},"categories":[1],"tags":[],"class_list":["post-1133","post","type-post","status-publish","format-standard","hentry","category-sin-categoria"],"_links":{"self":[{"href":"https:\/\/ricardovicentelopez.com.ar\/index.php?rest_route=\/wp\/v2\/posts\/1133","targetHints":{"allow":["GET"]}}],"collection":[{"href":"https:\/\/ricardovicentelopez.com.ar\/index.php?rest_route=\/wp\/v2\/posts"}],"about":[{"href":"https:\/\/ricardovicentelopez.com.ar\/index.php?rest_route=\/wp\/v2\/types\/post"}],"author":[{"embeddable":true,"href":"https:\/\/ricardovicentelopez.com.ar\/index.php?rest_route=\/wp\/v2\/users\/1"}],"replies":[{"embeddable":true,"href":"https:\/\/ricardovicentelopez.com.ar\/index.php?rest_route=%2Fwp%2Fv2%2Fcomments&post=1133"}],"version-history":[{"count":1,"href":"https:\/\/ricardovicentelopez.com.ar\/index.php?rest_route=\/wp\/v2\/posts\/1133\/revisions"}],"predecessor-version":[{"id":1134,"href":"https:\/\/ricardovicentelopez.com.ar\/index.php?rest_route=\/wp\/v2\/posts\/1133\/revisions\/1134"}],"wp:attachment":[{"href":"https:\/\/ricardovicentelopez.com.ar\/index.php?rest_route=%2Fwp%2Fv2%2Fmedia&parent=1133"}],"wp:term":[{"taxonomy":"category","embeddable":true,"href":"https:\/\/ricardovicentelopez.com.ar\/index.php?rest_route=%2Fwp%2Fv2%2Fcategories&post=1133"},{"taxonomy":"post_tag","embeddable":true,"href":"https:\/\/ricardovicentelopez.com.ar\/index.php?rest_route=%2Fwp%2Fv2%2Ftags&post=1133"}],"curies":[{"name":"wp","href":"https:\/\/api.w.org\/{rel}","templated":true}]}}